{"id":3895,"date":"2025-03-24T11:43:09","date_gmt":"2025-03-24T00:43:09","guid":{"rendered":"https:\/\/pacte-grand-sud.nc\/fondation-prony-resources\/staging-kendrick\/?p=3895"},"modified":"2025-03-24T11:49:33","modified_gmt":"2025-03-24T00:49:33","slug":"mecenat-rinc","status":"publish","type":"post","link":"https:\/\/pacte-grand-sud.nc\/fondation-prony-resources\/actualites\/mecenat-rinc\/","title":{"rendered":"M\u00e9c\u00e9nat RINC"},"content":{"rendered":"\n<p>Ce d\u00e9but de mois de f\u00e9vrier, nous avons eu l\u2019honneur d&rsquo;accueillir Madame Viviane LAFAY, Pr\u00e9sidente de R\u00e9seau Initiative NC (RINC), au sein des locaux des structures du Pacte. Cette rencontre marque un pas important dans le renforcement de nos relations avec nos partenaires financiers, en particulier avec RINC, avec qui nous collaborons depuis f\u00e9vrier 2022. Nous continuons d\u2019accompagner nos porteurs de projets et les encourageons \u00e0 se rapprocher des \u00e9quipes de RINC pour b\u00e9n\u00e9ficier de leur expertise et de leur soutien financier dans le montage de projets \u00e9conomiques.<\/p>\n","protected":false},"excerpt":{"rendered":"<p>Ce d\u00e9but de mois de f\u00e9vrier, nous avons eu l\u2019honneur d&rsquo;accueillir Madame Viviane LAFAY, Pr\u00e9sidente de R\u00e9seau Initiative NC (RINC), au sein des locaux des structures du Pacte. Cette rencontre marque un pas important dans le renforcement de nos relations avec nos partenaires financiers, en particulier avec RINC, avec qui nous collaborons depuis f\u00e9vrier 2022. &#8230; <a title=\"M\u00e9c\u00e9nat RINC\" class=\"read-more\" href=\"https:\/\/pacte-grand-sud.nc\/fondation-prony-resources\/actualites\/mecenat-rinc\/\" aria-label=\"En savoir plus sur M\u00e9c\u00e9nat RINC\">Lire plus<\/a><\/p>\n","protected":false},"author":1,"featured_media":3896,"comment_status":"closed","ping_status":"closed","sticky":false,"template":"","format":"standard","meta":{"_acf_changed":false,"om_disable_all_campaigns":false,"_monsterinsights_skip_tracking":false,"_monsterinsights_sitenote_active":false,"_monsterinsights_sitenote_note":"","_monsterinsights_sitenote_category":0,"footnotes":""},"categories":[8,10],"tags":[],"class_list":["post-3895","post","type-post","status-publish","format-standard","has-post-thumbnail","hentry","category-actualites","category-media"],"acf":[],"aioseo_notices":[],"_links":{"self":[{"href":"https:\/\/pacte-grand-sud.nc\/fondation-prony-resources\/wp-json\/wp\/v2\/posts\/3895","targetHints":{"allow":["GET"]}}],"collection":[{"href":"https:\/\/pacte-grand-sud.nc\/fondation-prony-resources\/wp-json\/wp\/v2\/posts"}],"about":[{"href":"https:\/\/pacte-grand-sud.nc\/fondation-prony-resources\/wp-json\/wp\/v2\/types\/post"}],"author":[{"embeddable":true,"href":"https:\/\/pacte-grand-sud.nc\/fondation-prony-resources\/wp-json\/wp\/v2\/users\/1"}],"replies":[{"embeddable":true,"href":"https:\/\/pacte-grand-sud.nc\/fondation-prony-resources\/wp-json\/wp\/v2\/comments?post=3895"}],"version-history":[{"count":3,"href":"https:\/\/pacte-grand-sud.nc\/fondation-prony-resources\/wp-json\/wp\/v2\/posts\/3895\/revisions"}],"predecessor-version":[{"id":3911,"href":"https:\/\/pacte-grand-sud.nc\/fondation-prony-resources\/wp-json\/wp\/v2\/posts\/3895\/revisions\/3911"}],"wp:featuredmedia":[{"embeddable":true,"href":"https:\/\/pacte-grand-sud.nc\/fondation-prony-resources\/wp-json\/wp\/v2\/media\/3896"}],"wp:attachment":[{"href":"https:\/\/pacte-grand-sud.nc\/fondation-prony-resources\/wp-json\/wp\/v2\/media?parent=3895"}],"wp:term":[{"taxonomy":"category","embeddable":true,"href":"https:\/\/pacte-grand-sud.nc\/fondation-prony-resources\/wp-json\/wp\/v2\/categories?post=3895"},{"taxonomy":"post_tag","embeddable":true,"href":"https:\/\/pacte-grand-sud.nc\/fondation-prony-resources\/wp-json\/wp\/v2\/tags?post=3895"}],"curies":[{"name":"wp","href":"https:\/\/api.w.org\/{rel}","templated":true}]}}