{"id":3898,"date":"2025-03-24T11:43:52","date_gmt":"2025-03-24T00:43:52","guid":{"rendered":"https:\/\/pacte-grand-sud.nc\/fondation-prony-resources\/staging-kendrick\/?p=3898"},"modified":"2025-03-24T11:50:15","modified_gmt":"2025-03-24T00:50:15","slug":"depot-de-dons-au-vanuatu","status":"publish","type":"post","link":"https:\/\/pacte-grand-sud.nc\/fondation-prony-resources\/actualites\/depot-de-dons-au-vanuatu\/","title":{"rendered":"D\u00e9p\u00f4t de dons au Vanuatu"},"content":{"rendered":"\n<p>\u00c0 la suite du tremblement de terre qui a frapp\u00e9 Port-Vila en d\u00e9cembre 2024, les structures du Pacte ont lanc\u00e9 une collecte de dons sur deux mois pour venir en aide aux populations touch\u00e9es.<br>Les dons ont \u00e9t\u00e9 d\u00e9pos\u00e9s \u00e0 l&rsquo;\u00c9glise Freedom Church \u00e0 Nouville, o\u00f9 nous avons eu l&rsquo;occasion de rencontrer Monsieur Noukou TARAVAKI, Vice- Pr\u00e9sident du Comit\u00e9 de la F\u00eate Nationale du Vanuatu en Nouvelle-Cal\u00e9donie, ainsi que Monsieur Serge MAHE, Consul du Vanuatu. Nous exprimons notre solidarit\u00e9 envers les habitants du Vanuatu et leur apportons tout notre soutien dans cette \u00e9preuve.<\/p>\n","protected":false},"excerpt":{"rendered":"<p>\u00c0 la suite du tremblement de terre qui a frapp\u00e9 Port-Vila en d\u00e9cembre 2024, les structures du Pacte ont lanc\u00e9 une collecte de dons sur deux mois pour venir en aide aux populations touch\u00e9es.Les dons ont \u00e9t\u00e9 d\u00e9pos\u00e9s \u00e0 l&rsquo;\u00c9glise Freedom Church \u00e0 Nouville, o\u00f9 nous avons eu l&rsquo;occasion de rencontrer Monsieur Noukou TARAVAKI, Vice- &#8230; <a title=\"D\u00e9p\u00f4t de dons au Vanuatu\" class=\"read-more\" href=\"https:\/\/pacte-grand-sud.nc\/fondation-prony-resources\/actualites\/depot-de-dons-au-vanuatu\/\" aria-label=\"En savoir plus sur D\u00e9p\u00f4t de dons au Vanuatu\">Lire plus<\/a><\/p>\n","protected":false},"author":1,"featured_media":3899,"comment_status":"closed","ping_status":"closed","sticky":false,"template":"","format":"standard","meta":{"_acf_changed":false,"om_disable_all_campaigns":false,"_monsterinsights_skip_tracking":false,"_monsterinsights_sitenote_active":false,"_monsterinsights_sitenote_note":"","_monsterinsights_sitenote_category":0,"footnotes":""},"categories":[8,10],"tags":[],"class_list":["post-3898","post","type-post","status-publish","format-standard","has-post-thumbnail","hentry","category-actualites","category-media"],"acf":[],"aioseo_notices":[],"_links":{"self":[{"href":"https:\/\/pacte-grand-sud.nc\/fondation-prony-resources\/wp-json\/wp\/v2\/posts\/3898","targetHints":{"allow":["GET"]}}],"collection":[{"href":"https:\/\/pacte-grand-sud.nc\/fondation-prony-resources\/wp-json\/wp\/v2\/posts"}],"about":[{"href":"https:\/\/pacte-grand-sud.nc\/fondation-prony-resources\/wp-json\/wp\/v2\/types\/post"}],"author":[{"embeddable":true,"href":"https:\/\/pacte-grand-sud.nc\/fondation-prony-resources\/wp-json\/wp\/v2\/users\/1"}],"replies":[{"embeddable":true,"href":"https:\/\/pacte-grand-sud.nc\/fondation-prony-resources\/wp-json\/wp\/v2\/comments?post=3898"}],"version-history":[{"count":3,"href":"https:\/\/pacte-grand-sud.nc\/fondation-prony-resources\/wp-json\/wp\/v2\/posts\/3898\/revisions"}],"predecessor-version":[{"id":3913,"href":"https:\/\/pacte-grand-sud.nc\/fondation-prony-resources\/wp-json\/wp\/v2\/posts\/3898\/revisions\/3913"}],"wp:featuredmedia":[{"embeddable":true,"href":"https:\/\/pacte-grand-sud.nc\/fondation-prony-resources\/wp-json\/wp\/v2\/media\/3899"}],"wp:attachment":[{"href":"https:\/\/pacte-grand-sud.nc\/fondation-prony-resources\/wp-json\/wp\/v2\/media?parent=3898"}],"wp:term":[{"taxonomy":"category","embeddable":true,"href":"https:\/\/pacte-grand-sud.nc\/fondation-prony-resources\/wp-json\/wp\/v2\/categories?post=3898"},{"taxonomy":"post_tag","embeddable":true,"href":"https:\/\/pacte-grand-sud.nc\/fondation-prony-resources\/wp-json\/wp\/v2\/tags?post=3898"}],"curies":[{"name":"wp","href":"https:\/\/api.w.org\/{rel}","templated":true}]}}