{"id":3902,"date":"2025-03-24T11:44:32","date_gmt":"2025-03-24T00:44:32","guid":{"rendered":"https:\/\/pacte-grand-sud.nc\/fondation-prony-resources\/staging-kendrick\/?p=3902"},"modified":"2025-03-24T11:51:27","modified_gmt":"2025-03-24T00:51:27","slug":"tournee-des-chefferie-2025","status":"publish","type":"post","link":"https:\/\/pacte-grand-sud.nc\/fondation-prony-resources\/actualites\/tournee-des-chefferie-2025\/","title":{"rendered":"Tourn\u00e9e des chefferie 2025"},"content":{"rendered":"\n<p>En ce d\u00e9but d\u2019ann\u00e9e 2025, la Fondation a organis\u00e9 plusieurs tourn\u00e9es d&rsquo;informations dans les chefferies de l\u2019Aire Drub\u00e9a Kapume. Cette tourn\u00e9e a cl\u00f4tur\u00e9 une s\u00e9rie d\u2019\u00e9v\u00e9nements qui a d\u00e9but\u00e9e le 11 f\u00e9vrier \u00e0 Yat\u00e9. Le 18 f\u00e9vrier, c&rsquo;est \u00e0 Paita que la Fondation a tenu une r\u00e9union, attirant environ une cinquantaine de personnes. Le samedi 22 f\u00e9vrier, malgr\u00e9 des conditions m\u00e9t\u00e9orologiques instables, une trentaine de personnes ont particip\u00e9 \u00e0 la tourn\u00e9e \u00e0 la chefferie d&rsquo;Ile Ouen. La tourn\u00e9e suivante, le 1er mars \u00e0 l&rsquo;Ile des Pins, a r\u00e9uni une centaine de participants, marquant un grand succ\u00e8s pour l&rsquo;\u00e9v\u00e9nement. Ces rencontres ont permis \u00e0 la Fondation de renforcer sa pr\u00e9sence et d&rsquo;\u00e9changer directement avec les communaut\u00e9s locales favorisant ainsi l&rsquo;information et la proximit\u00e9 avec les habitants des<br>diff\u00e9rentes chefferies.<\/p>\n","protected":false},"excerpt":{"rendered":"<p>En ce d\u00e9but d\u2019ann\u00e9e 2025, la Fondation a organis\u00e9 plusieurs tourn\u00e9es d&rsquo;informations dans les chefferies de l\u2019Aire Drub\u00e9a Kapume. Cette tourn\u00e9e a cl\u00f4tur\u00e9 une s\u00e9rie d\u2019\u00e9v\u00e9nements qui a d\u00e9but\u00e9e le 11 f\u00e9vrier \u00e0 Yat\u00e9. Le 18 f\u00e9vrier, c&rsquo;est \u00e0 Paita que la Fondation a tenu une r\u00e9union, attirant environ une cinquantaine de personnes. Le samedi &#8230; <a title=\"Tourn\u00e9e des chefferie 2025\" class=\"read-more\" href=\"https:\/\/pacte-grand-sud.nc\/fondation-prony-resources\/actualites\/tournee-des-chefferie-2025\/\" aria-label=\"En savoir plus sur Tourn\u00e9e des chefferie 2025\">Lire plus<\/a><\/p>\n","protected":false},"author":1,"featured_media":3893,"comment_status":"closed","ping_status":"closed","sticky":false,"template":"","format":"standard","meta":{"_acf_changed":false,"om_disable_all_campaigns":false,"_monsterinsights_skip_tracking":false,"_monsterinsights_sitenote_active":false,"_monsterinsights_sitenote_note":"","_monsterinsights_sitenote_category":0,"footnotes":""},"categories":[8,10],"tags":[],"class_list":["post-3902","post","type-post","status-publish","format-standard","has-post-thumbnail","hentry","category-actualites","category-media"],"acf":[],"aioseo_notices":[],"_links":{"self":[{"href":"https:\/\/pacte-grand-sud.nc\/fondation-prony-resources\/wp-json\/wp\/v2\/posts\/3902","targetHints":{"allow":["GET"]}}],"collection":[{"href":"https:\/\/pacte-grand-sud.nc\/fondation-prony-resources\/wp-json\/wp\/v2\/posts"}],"about":[{"href":"https:\/\/pacte-grand-sud.nc\/fondation-prony-resources\/wp-json\/wp\/v2\/types\/post"}],"author":[{"embeddable":true,"href":"https:\/\/pacte-grand-sud.nc\/fondation-prony-resources\/wp-json\/wp\/v2\/users\/1"}],"replies":[{"embeddable":true,"href":"https:\/\/pacte-grand-sud.nc\/fondation-prony-resources\/wp-json\/wp\/v2\/comments?post=3902"}],"version-history":[{"count":5,"href":"https:\/\/pacte-grand-sud.nc\/fondation-prony-resources\/wp-json\/wp\/v2\/posts\/3902\/revisions"}],"predecessor-version":[{"id":3931,"href":"https:\/\/pacte-grand-sud.nc\/fondation-prony-resources\/wp-json\/wp\/v2\/posts\/3902\/revisions\/3931"}],"wp:featuredmedia":[{"embeddable":true,"href":"https:\/\/pacte-grand-sud.nc\/fondation-prony-resources\/wp-json\/wp\/v2\/media\/3893"}],"wp:attachment":[{"href":"https:\/\/pacte-grand-sud.nc\/fondation-prony-resources\/wp-json\/wp\/v2\/media?parent=3902"}],"wp:term":[{"taxonomy":"category","embeddable":true,"href":"https:\/\/pacte-grand-sud.nc\/fondation-prony-resources\/wp-json\/wp\/v2\/categories?post=3902"},{"taxonomy":"post_tag","embeddable":true,"href":"https:\/\/pacte-grand-sud.nc\/fondation-prony-resources\/wp-json\/wp\/v2\/tags?post=3902"}],"curies":[{"name":"wp","href":"https:\/\/api.w.org\/{rel}","templated":true}]}}