{"id":3945,"date":"2025-07-18T08:15:34","date_gmt":"2025-07-17T21:15:34","guid":{"rendered":"https:\/\/pacte-grand-sud.nc\/fondation-prony-resources\/?p=3945"},"modified":"2025-09-29T17:01:37","modified_gmt":"2025-09-29T06:01:37","slug":"operation-permis-en-tribu-yate","status":"publish","type":"post","link":"https:\/\/pacte-grand-sud.nc\/fondation-prony-resources\/actualites\/operation-permis-en-tribu-yate\/","title":{"rendered":"Op\u00e9ration \u00ab\u202fPermis en tribu\u202f\u00bb Yat\u00e9\u00a0"},"content":{"rendered":"\n<p>Dans le cadre de notre engagement en faveur de l\u2019inclusion sociale et de l\u2019autonomisation des populations de Drub\u00e9a-Kapum\u00eb, la Fondation X\u00e9r\u00e8 PRNC a lanc\u00e9 une initiative ambitieuse visant \u00e0 faciliter l\u2019acc\u00e8s au permis de conduire pour les habitants des tribus de Yat\u00e9.<\/p>\n\n\n\n<p>En partenariat avec l\u2019auto-\u00e9cole VKP, ce programme permet aux b\u00e9n\u00e9ficiaires de suivre une formation au code de la route directement en tribu, dans un environnement adapt\u00e9, rassurant et proche de leurs r\u00e9alit\u00e9s.<\/p>\n\n\n\n<p>Depuis le 12 mai, Georgette WADRA, responsable de l\u2019auto-\u00e9cole VKP, sillonne les diff\u00e9rentes tribus de Goro, Waho\/Touaourou et Unia afin d\u2019accompagner les candidats vers la r\u00e9ussite.<\/p>\n\n\n\n<p>Plusieurs d\u2019entre eux ont d\u00e9j\u00e0 obtenu leur code de la route, avec fiert\u00e9 et d\u00e9termination.<\/p>\n\n\n\n<p>Parmi les t\u00e9moignages re\u00e7us\u202f:\u00a0\u00a0<\/p>\n\n\n\n<ul class=\"wp-block-list\">\n<li><em>\u00ab \u00c7a y est, j\u2019ai eu mon code. Je suis trop contente\u202f! Merci \u00e0 Georgette, merci \u00e0 la Fondation d\u2019avoir mis en place le projet pour qu\u2019on puisse r\u00e9ussir le code en tribu. Pour moi \u00e7a \u00e9t\u00e9 une r\u00e9ussite au bout de la deuxi\u00e8me fois. J\u2019encourage tous ceux qui font le code \u00e0 continuer, \u00e0 pers\u00e9v\u00e9rer. Il y a une fin \u00e0 tout, et finalement c\u2019est positif. \u00c7a \u00e9t\u00e9 positif pour moi, c\u2019est positif aussi pour vous. Alors voil\u00e0, bon courage pour la suite.\u202f\u00bb<\/em>\u00a0Lucy\u00a0<\/li>\n<\/ul>\n\n\n\n<ul class=\"wp-block-list\">\n<li><em>\u00ab\u202fC\u2019est bon je l\u2019ai eu. C\u2019est dans la poche. [\u2026] \u00e7a \u00e9t\u00e9 dur, mais finalement c\u2019est bon, c\u2019est dans la poche. Du coup, j\u2019encourage tout le monde, ceux qui sont sur le coup, de se donner \u00e0 fond parce que y a moyen et que c\u2019est pour tout le monde.\u202f\u00bb<\/em>\u00a0\u00a0Oc\u00e9ane\u00a0<\/li>\n<\/ul>\n\n\n\n<p>Ce projet incarne la volont\u00e9 de la Fondation de rapprocher les dispositifs de formation des territoires isol\u00e9s, et de renforcer l\u2019inclusion par la mobilit\u00e9.&nbsp;<\/p>\n\n\n\n<figure class=\"wp-block-image size-large\"><img loading=\"lazy\" decoding=\"async\" width=\"1024\" height=\"767\" src=\"https:\/\/pacte-grand-sud.nc\/fondation-prony-resources\/wp-content\/uploads\/2025\/07\/Permis-en-tribu-Yate-1024x767.png\" alt=\"\" class=\"wp-image-3946\" srcset=\"https:\/\/pacte-grand-sud.nc\/fondation-prony-resources\/wp-content\/uploads\/2025\/07\/Permis-en-tribu-Yate-1024x767.png 1024w, https:\/\/pacte-grand-sud.nc\/fondation-prony-resources\/wp-content\/uploads\/2025\/07\/Permis-en-tribu-Yate-300x225.png 300w, https:\/\/pacte-grand-sud.nc\/fondation-prony-resources\/wp-content\/uploads\/2025\/07\/Permis-en-tribu-Yate-768x575.png 768w, https:\/\/pacte-grand-sud.nc\/fondation-prony-resources\/wp-content\/uploads\/2025\/07\/Permis-en-tribu-Yate.png 1042w\" sizes=\"auto, (max-width: 1024px) 100vw, 1024px\" \/><\/figure>\n","protected":false},"excerpt":{"rendered":"<p>Dans le cadre de notre engagement en faveur de l\u2019inclusion sociale et de l\u2019autonomisation des populations de Drub\u00e9a-Kapum\u00eb, la Fondation X\u00e9r\u00e8 PRNC a lanc\u00e9 une initiative ambitieuse visant \u00e0 faciliter l\u2019acc\u00e8s au permis de conduire pour les habitants des tribus de Yat\u00e9. En partenariat avec l\u2019auto-\u00e9cole VKP, ce programme permet aux b\u00e9n\u00e9ficiaires de suivre une &#8230; <a title=\"Op\u00e9ration \u00ab\u202fPermis en tribu\u202f\u00bb Yat\u00e9\u00a0\" class=\"read-more\" href=\"https:\/\/pacte-grand-sud.nc\/fondation-prony-resources\/actualites\/operation-permis-en-tribu-yate\/\" aria-label=\"En savoir plus sur Op\u00e9ration \u00ab\u202fPermis en tribu\u202f\u00bb Yat\u00e9\u00a0\">Lire plus<\/a><\/p>\n","protected":false},"author":2,"featured_media":3949,"comment_status":"closed","ping_status":"closed","sticky":false,"template":"","format":"standard","meta":{"_acf_changed":false,"om_disable_all_campaigns":false,"_monsterinsights_skip_tracking":false,"_monsterinsights_sitenote_active":false,"_monsterinsights_sitenote_note":"","_monsterinsights_sitenote_category":0,"footnotes":""},"categories":[8],"tags":[],"class_list":["post-3945","post","type-post","status-publish","format-standard","has-post-thumbnail","hentry","category-actualites"],"acf":[],"aioseo_notices":[],"_links":{"self":[{"href":"https:\/\/pacte-grand-sud.nc\/fondation-prony-resources\/wp-json\/wp\/v2\/posts\/3945","targetHints":{"allow":["GET"]}}],"collection":[{"href":"https:\/\/pacte-grand-sud.nc\/fondation-prony-resources\/wp-json\/wp\/v2\/posts"}],"about":[{"href":"https:\/\/pacte-grand-sud.nc\/fondation-prony-resources\/wp-json\/wp\/v2\/types\/post"}],"author":[{"embeddable":true,"href":"https:\/\/pacte-grand-sud.nc\/fondation-prony-resources\/wp-json\/wp\/v2\/users\/2"}],"replies":[{"embeddable":true,"href":"https:\/\/pacte-grand-sud.nc\/fondation-prony-resources\/wp-json\/wp\/v2\/comments?post=3945"}],"version-history":[{"count":1,"href":"https:\/\/pacte-grand-sud.nc\/fondation-prony-resources\/wp-json\/wp\/v2\/posts\/3945\/revisions"}],"predecessor-version":[{"id":3948,"href":"https:\/\/pacte-grand-sud.nc\/fondation-prony-resources\/wp-json\/wp\/v2\/posts\/3945\/revisions\/3948"}],"wp:featuredmedia":[{"embeddable":true,"href":"https:\/\/pacte-grand-sud.nc\/fondation-prony-resources\/wp-json\/wp\/v2\/media\/3949"}],"wp:attachment":[{"href":"https:\/\/pacte-grand-sud.nc\/fondation-prony-resources\/wp-json\/wp\/v2\/media?parent=3945"}],"wp:term":[{"taxonomy":"category","embeddable":true,"href":"https:\/\/pacte-grand-sud.nc\/fondation-prony-resources\/wp-json\/wp\/v2\/categories?post=3945"},{"taxonomy":"post_tag","embeddable":true,"href":"https:\/\/pacte-grand-sud.nc\/fondation-prony-resources\/wp-json\/wp\/v2\/tags?post=3945"}],"curies":[{"name":"wp","href":"https:\/\/api.w.org\/{rel}","templated":true}]}}