{"id":3950,"date":"2025-09-29T17:20:37","date_gmt":"2025-09-29T06:20:37","guid":{"rendered":"https:\/\/pacte-grand-sud.nc\/fondation-prony-resources\/?p=3950"},"modified":"2025-09-22T11:19:15","modified_gmt":"2025-09-22T00:19:15","slug":"%e2%9d%9d%f0%9d%90%85%f0%9d%90%a8%f0%9d%90%a7%f0%9d%90%9d%f0%9d%90%9a%f0%9d%90%ad%f0%9d%90%a2%f0%9d%90%a8%f0%9d%90%a7-%f0%9d%90%b1-%f0%9d%90%80%f0%9d%90%9d%f0%9d%90%a2%f0%9d%90%9e-%f0%9d%90%94","status":"publish","type":"post","link":"https:\/\/pacte-grand-sud.nc\/fondation-prony-resources\/actualites\/%e2%9d%9d%f0%9d%90%85%f0%9d%90%a8%f0%9d%90%a7%f0%9d%90%9d%f0%9d%90%9a%f0%9d%90%ad%f0%9d%90%a2%f0%9d%90%a8%f0%9d%90%a7-%f0%9d%90%b1-%f0%9d%90%80%f0%9d%90%9d%f0%9d%90%a2%f0%9d%90%9e-%f0%9d%90%94\/","title":{"rendered":"\u275d\ud835\udc05\ud835\udc28\ud835\udc27\ud835\udc1d\ud835\udc1a\ud835\udc2d\ud835\udc22\ud835\udc28\ud835\udc27 \ud835\udc31 \ud835\udc00\ud835\udc1d\ud835\udc22\ud835\udc1e : \ud835\udc14\ud835\udc27 \ud835\udc29\ud835\udc1a\ud835\udc2b\ud835\udc2d\ud835\udc1e\ud835\udc27\ud835\udc1a\ud835\udc2b\ud835\udc22\ud835\udc1a\ud835\udc2d \ud835\udc2b\ud835\udc1e\ud835\udc25\ud835\udc1a\ud835\udc27\ud835\udc1c\ud835\udc1e ! \u275e"},"content":{"rendered":"\n<p class=\"has-small-font-size\"><strong>Objectif : redonner de l\u2019\u00e9lan \u00e0 notre collaboration pour soutenir encore mieux les porteurs de projets de nos chefferies de Drub\u00e9a Kapum\u00eb.<\/strong><\/p>\n\n\n\n<p class=\"has-small-font-size\">Au programme :<\/p>\n\n\n\n<ul class=\"wp-block-list\">\n<li class=\"has-small-font-size\">Pr\u00e9sentation des offres de financement ADIE<\/li>\n\n\n\n<li class=\"has-small-font-size\">\u00c9changes sur les besoins des porteurs de projets<\/li>\n\n\n\n<li class=\"has-small-font-size\">Relance des permanences communes sur le terrain<\/li>\n<\/ul>\n\n\n\n<p class=\"has-small-font-size\">O\u00f9 rencontrer l\u2019ADIE ?<\/p>\n\n\n\n<p class=\"has-small-font-size\">Les conseillers ADIE viennent directement dans vos communes pour vous accompagner :<\/p>\n\n\n\n<p class=\"has-small-font-size\"><strong>Yat\u00e9 \u2013 tous les lundis matin<\/strong><\/p>\n\n\n\n<p class=\"has-small-font-size\">1er &amp; 4\u00e8me lundi : <strong>Station Touaourou<\/strong><\/p>\n\n\n\n<p class=\"has-small-font-size\">2\u00e8me lundi : <strong>March\u00e9 de Waho<\/strong><\/p>\n\n\n\n<p class=\"has-small-font-size\">3\u00e8me lundi : <strong>Maison commune d\u2019Unia<\/strong><\/p>\n\n\n\n<p class=\"has-small-font-size\"><strong>\u00cele des Pins<\/strong> \u2013 1 fois par mois<\/p>\n\n\n\n<p class=\"has-small-font-size\">Mercredi apr\u00e8s-midi : <strong>Mairie<\/strong><\/p>\n\n\n\n<p class=\"has-small-font-size\">Jeudi toute la journ\u00e9e : <strong>Mairie<\/strong><\/p>\n\n\n\n<p class=\"has-small-font-size\"><strong>Pa\u00efta<\/strong><\/p>\n\n\n\n<p class=\"has-small-font-size\">Jeudi toute la journ\u00e9e : <strong>ADIE Mobile \u2013 Dock Socioculturel<\/strong><\/p>\n\n\n\n<p class=\"has-small-font-size\">Vendredi matin : <strong>DEL<\/strong><\/p>\n\n\n\n<p class=\"has-small-font-size\"><strong>Mont-Dore \/ Plum<\/strong><\/p>\n\n\n\n<p class=\"has-small-font-size\">Mardi toute la journ\u00e9e : <strong>Mairie annexe de Plum<\/strong><\/p>\n\n\n\n<p class=\"has-small-font-size\">Mercredi matin : <strong>ADIE Mobile \u2013 Coll\u00e8ge de Boulari<\/strong><\/p>\n\n\n\n<p class=\"has-small-font-size\">Porteurs de projet du Grand Sud, c\u2019est votre chance !<\/p>\n\n\n\n<p class=\"has-small-font-size\">Que vous ayez une id\u00e9e \u00e0 lancer, un petit commerce \u00e0 d\u00e9velopper ou un r\u00eave \u00e0 concr\u00e9tiser, l\u2019ADIE est l\u00e0 pour vous accompagner et financer vos initiatives.<\/p>\n\n\n\n<p class=\"has-small-font-size\">Nous sommes fiers de compter l\u2019ADIE parmi nos partenaires et heureux de relancer ensemble cette dynamique au service de vos ambitions. <\/p>\n\n\n\n<figure class=\"gb-block-image gb-block-image-10afea0c\"><img loading=\"lazy\" decoding=\"async\" width=\"720\" height=\"509\" class=\"gb-image gb-image-10afea0c\" src=\"https:\/\/pacte-grand-sud.nc\/fondation-prony-resources\/wp-content\/uploads\/2025\/09\/adie.jpg\" alt=\"\" title=\"adie\" srcset=\"https:\/\/pacte-grand-sud.nc\/fondation-prony-resources\/wp-content\/uploads\/2025\/09\/adie.jpg 720w, https:\/\/pacte-grand-sud.nc\/fondation-prony-resources\/wp-content\/uploads\/2025\/09\/adie-300x212.jpg 300w\" sizes=\"auto, (max-width: 720px) 100vw, 720px\" \/><\/figure>\n","protected":false},"excerpt":{"rendered":"<p>Le 25 ao\u00fbt 2025, la Fondation a eu l\u2019honneur de recevoir dans ses locaux l\u2019\u00e9quipe de l\u2019ADIE Nouvelle-Cal\u00e9donie, men\u00e9e par sa Directrice Territoriale Mme Cinthia KOINDREDI, aux c\u00f4t\u00e9s de notre Directrice Mme Sarah MAPOU.<\/p>\n","protected":false},"author":2,"featured_media":3961,"comment_status":"closed","ping_status":"closed","sticky":false,"template":"","format":"standard","meta":{"_acf_changed":false,"om_disable_all_campaigns":false,"_monsterinsights_skip_tracking":false,"_monsterinsights_sitenote_active":false,"_monsterinsights_sitenote_note":"","_monsterinsights_sitenote_category":0,"footnotes":""},"categories":[8],"tags":[],"class_list":["post-3950","post","type-post","status-publish","format-standard","has-post-thumbnail","hentry","category-actualites"],"acf":[],"aioseo_notices":[],"_links":{"self":[{"href":"https:\/\/pacte-grand-sud.nc\/fondation-prony-resources\/wp-json\/wp\/v2\/posts\/3950","targetHints":{"allow":["GET"]}}],"collection":[{"href":"https:\/\/pacte-grand-sud.nc\/fondation-prony-resources\/wp-json\/wp\/v2\/posts"}],"about":[{"href":"https:\/\/pacte-grand-sud.nc\/fondation-prony-resources\/wp-json\/wp\/v2\/types\/post"}],"author":[{"embeddable":true,"href":"https:\/\/pacte-grand-sud.nc\/fondation-prony-resources\/wp-json\/wp\/v2\/users\/2"}],"replies":[{"embeddable":true,"href":"https:\/\/pacte-grand-sud.nc\/fondation-prony-resources\/wp-json\/wp\/v2\/comments?post=3950"}],"version-history":[{"count":11,"href":"https:\/\/pacte-grand-sud.nc\/fondation-prony-resources\/wp-json\/wp\/v2\/posts\/3950\/revisions"}],"predecessor-version":[{"id":3984,"href":"https:\/\/pacte-grand-sud.nc\/fondation-prony-resources\/wp-json\/wp\/v2\/posts\/3950\/revisions\/3984"}],"wp:featuredmedia":[{"embeddable":true,"href":"https:\/\/pacte-grand-sud.nc\/fondation-prony-resources\/wp-json\/wp\/v2\/media\/3961"}],"wp:attachment":[{"href":"https:\/\/pacte-grand-sud.nc\/fondation-prony-resources\/wp-json\/wp\/v2\/media?parent=3950"}],"wp:term":[{"taxonomy":"category","embeddable":true,"href":"https:\/\/pacte-grand-sud.nc\/fondation-prony-resources\/wp-json\/wp\/v2\/categories?post=3950"},{"taxonomy":"post_tag","embeddable":true,"href":"https:\/\/pacte-grand-sud.nc\/fondation-prony-resources\/wp-json\/wp\/v2\/tags?post=3950"}],"curies":[{"name":"wp","href":"https:\/\/api.w.org\/{rel}","templated":true}]}}