{"id":3966,"date":"2025-09-29T17:04:31","date_gmt":"2025-09-29T06:04:31","guid":{"rendered":"https:\/\/pacte-grand-sud.nc\/fondation-prony-resources\/?p=3966"},"modified":"2025-09-29T17:23:02","modified_gmt":"2025-09-29T06:23:02","slug":"%e2%9d%9d%f0%9d%90%85%f0%9d%90%a8%f0%9d%90%a7%f0%9d%90%9d%f0%9d%90%9a%f0%9d%90%ad%f0%9d%90%a2%f0%9d%90%a8%f0%9d%90%a7-%f0%9d%90%b1-%f0%9d%90%91%f0%9d%90%9e%f0%9d%90%ac%f0%9d%90%9e%f0%9d%90%9a","status":"publish","type":"post","link":"https:\/\/pacte-grand-sud.nc\/fondation-prony-resources\/actualites\/%e2%9d%9d%f0%9d%90%85%f0%9d%90%a8%f0%9d%90%a7%f0%9d%90%9d%f0%9d%90%9a%f0%9d%90%ad%f0%9d%90%a2%f0%9d%90%a8%f0%9d%90%a7-%f0%9d%90%b1-%f0%9d%90%91%f0%9d%90%9e%f0%9d%90%ac%f0%9d%90%9e%f0%9d%90%9a\/","title":{"rendered":"\u275d\ud835\udc05\ud835\udc28\ud835\udc27\ud835\udc1d\ud835\udc1a\ud835\udc2d\ud835\udc22\ud835\udc28\ud835\udc27 \ud835\udc31 \ud835\udc11\ud835\udc1e\ud835\udc2c\ud835\udc1e\ud835\udc1a\ud835\udc2e \ud835\udc08\ud835\udc27\ud835\udc22\ud835\udc2d\ud835\udc22\ud835\udc1a\ud835\udc2d\ud835\udc22\ud835\udc2f\ud835\udc1e \ud835\udc0d\ud835\udc02 : \ud835\udc04\ud835\udc27\ud835\udc2d\ud835\udc2b\ud835\udc1e \ud835\udc20\ud835\udc2b\ud835\udc1a\ud835\udc2d\ud835\udc22\ud835\udc2d\ud835\udc2e\ud835\udc1d\ud835\udc1e \ud835\udc1e\ud835\udc2d \ud835\udc27\ud835\udc28\ud835\udc2e\ud835\udc2f\ud835\udc1e\ud835\udc1a\ud835\udc2e\ud835\udc31 \ud835\udc21\ud835\udc28\ud835\udc2b\ud835\udc22\ud835\udc33\ud835\udc28\ud835\udc27\ud835\udc2c\u275e"},"content":{"rendered":"\n<p class=\"has-medium-font-size\">Un moment d\u2019\u00e9motion et de reconnaissance pour Mme Vivianne LAFAY, que nous remercions chaleureusement pour son implication constante et son engagement aux c\u00f4t\u00e9s de la Fondation au fil des projets partag\u00e9s. <\/p>\n\n\n<div class=\"wp-block-image\">\n<figure class=\"alignleft\"><img decoding=\"async\" src=\"https:\/\/scontent.fnou1-1.fna.fbcdn.net\/v\/t39.30808-6\/540442289_806799558660154_7080638538510782895_n.jpg?stp=dst-jpg_s720x720_tt6&amp;_nc_cat=105&amp;ccb=1-7&amp;_nc_sid=127cfc&amp;_nc_ohc=yqO5QXMAIioQ7kNvwF6q3uZ&amp;_nc_oc=AdnM_OzDo5o9weg5TKJmFMsO3rbfURfohxHSqH0ww75up2NI8LlQn9p1kamXnIZ21bQ&amp;_nc_zt=23&amp;_nc_ht=scontent.fnou1-1.fna&amp;_nc_gid=C67aO0Ex_kcv5jF7kAjhPw&amp;oh=00_AfbkYzVkGfgRoUyGjiJXEqrwA_9FY3sqtk1de2IfwnaZLw&amp;oe=68D6680E\" alt=\"Peut \u00eatre une image de \u200e6 personnes et \u200etexte qui dit \u2019\u200eCURRPSNI MEUITE XERE \uc7745m \u7136 XERE XEREA . \u0632\u0627\u0647 FONDATION X\u00c9R\u00c8 PRONY PRONYRESOURCES RESOURCES NEWCALEDONIA NEW CALEDONIA\u200e\u2019\u200e\u200e\" \/><\/figure>\n<\/div>\n\n\n<p class=\"has-medium-font-size\">Gr\u00e2ce \u00e0 elle, de nombreux porteurs de projets ont pu avancer et croire en leurs r\u00eaves.<\/p>\n\n\n\n<p class=\"has-medium-font-size\">Nous avons \u00e9galement fait la rencontre de M. Laurent BUI, nouveau Directeur du R\u00e9seau Initiative NC. Un \u00e9change riche et prometteur qui nous conforte dans l\u2019id\u00e9e que ce partenariat poursuivra son chemin avec la m\u00eame \u00e9nergie et la m\u00eame conviction.<\/p>\n\n\n\n<p class=\"has-medium-font-size\">Ensemble, nous continuerons \u00e0 soutenir et accompagner celles et ceux qui osent entreprendre, au service du d\u00e9veloppement de nos communaut\u00e9s.<\/p>\n\n\n\n<p><\/p>\n","protected":false},"excerpt":{"rendered":"<p>Le 26 ao\u00fbt 2025, la Fondation a eu le plaisir d\u2019accueillir dans ses locaux le R\u00e9seau Initiative Nouvelle-Cal\u00e9donie.<\/p>\n","protected":false},"author":2,"featured_media":3967,"comment_status":"closed","ping_status":"closed","sticky":false,"template":"","format":"standard","meta":{"_acf_changed":false,"om_disable_all_campaigns":false,"_monsterinsights_skip_tracking":false,"_monsterinsights_sitenote_active":false,"_monsterinsights_sitenote_note":"","_monsterinsights_sitenote_category":0,"footnotes":""},"categories":[8,10],"tags":[],"class_list":["post-3966","post","type-post","status-publish","format-standard","has-post-thumbnail","hentry","category-actualites","category-media"],"acf":[],"aioseo_notices":[],"_links":{"self":[{"href":"https:\/\/pacte-grand-sud.nc\/fondation-prony-resources\/wp-json\/wp\/v2\/posts\/3966","targetHints":{"allow":["GET"]}}],"collection":[{"href":"https:\/\/pacte-grand-sud.nc\/fondation-prony-resources\/wp-json\/wp\/v2\/posts"}],"about":[{"href":"https:\/\/pacte-grand-sud.nc\/fondation-prony-resources\/wp-json\/wp\/v2\/types\/post"}],"author":[{"embeddable":true,"href":"https:\/\/pacte-grand-sud.nc\/fondation-prony-resources\/wp-json\/wp\/v2\/users\/2"}],"replies":[{"embeddable":true,"href":"https:\/\/pacte-grand-sud.nc\/fondation-prony-resources\/wp-json\/wp\/v2\/comments?post=3966"}],"version-history":[{"count":2,"href":"https:\/\/pacte-grand-sud.nc\/fondation-prony-resources\/wp-json\/wp\/v2\/posts\/3966\/revisions"}],"predecessor-version":[{"id":3981,"href":"https:\/\/pacte-grand-sud.nc\/fondation-prony-resources\/wp-json\/wp\/v2\/posts\/3966\/revisions\/3981"}],"wp:featuredmedia":[{"embeddable":true,"href":"https:\/\/pacte-grand-sud.nc\/fondation-prony-resources\/wp-json\/wp\/v2\/media\/3967"}],"wp:attachment":[{"href":"https:\/\/pacte-grand-sud.nc\/fondation-prony-resources\/wp-json\/wp\/v2\/media?parent=3966"}],"wp:term":[{"taxonomy":"category","embeddable":true,"href":"https:\/\/pacte-grand-sud.nc\/fondation-prony-resources\/wp-json\/wp\/v2\/categories?post=3966"},{"taxonomy":"post_tag","embeddable":true,"href":"https:\/\/pacte-grand-sud.nc\/fondation-prony-resources\/wp-json\/wp\/v2\/tags?post=3966"}],"curies":[{"name":"wp","href":"https:\/\/api.w.org\/{rel}","templated":true}]}}