{"id":3974,"date":"2025-09-29T17:17:32","date_gmt":"2025-09-29T06:17:32","guid":{"rendered":"https:\/\/pacte-grand-sud.nc\/fondation-prony-resources\/?p=3974"},"modified":"2025-09-29T17:17:33","modified_gmt":"2025-09-29T06:17:33","slug":"%e2%9d%9d%f0%9d%90%80%f0%9d%90%a7%f0%9d%90%a7%f0%9d%90%a8%f0%9d%90%a7%f0%9d%90%9c%f0%9d%90%9e-%f0%9d%90%8f%f0%9d%90%ab%f0%9d%90%a8%f0%9d%90%a0%f0%9d%90%ab%f0%9d%90%9a%f0%9d%90%a6%f0%9d%90%a6","status":"publish","type":"post","link":"https:\/\/pacte-grand-sud.nc\/fondation-prony-resources\/flash-info\/%e2%9d%9d%f0%9d%90%80%f0%9d%90%a7%f0%9d%90%a7%f0%9d%90%a8%f0%9d%90%a7%f0%9d%90%9c%f0%9d%90%9e-%f0%9d%90%8f%f0%9d%90%ab%f0%9d%90%a8%f0%9d%90%a0%f0%9d%90%ab%f0%9d%90%9a%f0%9d%90%a6%f0%9d%90%a6\/","title":{"rendered":"\u275d\ud835\udc00\ud835\udc27\ud835\udc27\ud835\udc28\ud835\udc27\ud835\udc1c\ud835\udc1e \u2013 \ud835\udc0f\ud835\udc2b\ud835\udc28\ud835\udc20\ud835\udc2b\ud835\udc1a\ud835\udc26\ud835\udc26\ud835\udc1e \ud835\udc0f\ud835\udc1e\ud835\udc2b\ud835\udc26\ud835\udc22\ud835\udc2c \ud835\udc1e\ud835\udc27 \ud835\udc2d\ud835\udc2b\ud835\udc22\ud835\udc1b\ud835\udc2e\u275e"},"content":{"rendered":"\n<p class=\"has-small-font-size\">Ch\u00e8res populations de DK, ch\u00e8res b\u00e9n\u00e9ficiaires,<\/p>\n\n\n\n<p class=\"has-small-font-size\">L\u2019op\u00e9ration \u00ab Permis en tribu \u00bb a d\u00e9j\u00e0 permis d\u2019accompagner pr\u00e8s de <strong>250 personnes.<\/strong><\/p>\n\n\n\n<p class=\"has-small-font-size\">Afin d\u2019assurer le bon d\u00e9roulement de ce programme, le Conseil d\u2019administration de la Fondation XERE PRNC a d\u00e9cid\u00e9 de mettre en pause, pour le reste de l\u2019ann\u00e9e, les aides individuelles au permis de conduire (VL, PL, TC).<\/p>\n\n\n\n<p class=\"has-small-font-size\">Notre budget actuel ne permet pas de r\u00e9pondre \u00e0 toutes les sollicitations.<strong> La priorit\u00e9 est donn\u00e9e au programme collectif ainsi qu\u2019au financement de projets micro-\u00e9conomiques et \u00e9conomiques.<\/strong><\/p>\n\n\n\n<p class=\"has-small-font-size\">Nous vous pr\u00e9sentons nos excuses pour le d\u00e9lai de r\u00e9ponse.<\/p>\n\n\n\n<p class=\"has-small-font-size\">Nous faisons actuellement face \u00e0 plus de 100 demandes individuelles, ce qui ne nous permet malheureusement pas de toutes les financer.<\/p>\n\n\n\n<p class=\"has-small-font-size\">Pour les b\u00e9n\u00e9ficiaires ayant d\u00e9j\u00e0 obtenu leur code de la route :<\/p>\n\n\n\n<div class=\"wp-block-group has-small-font-size is-vertical is-layout-flex wp-container-core-group-is-layout-8cf370e7 wp-block-group-is-layout-flex\">\n<ul class=\"wp-block-list\">\n<li>Nous vous demandons de rester dans le dispositif.<\/li>\n<\/ul>\n\n\n\n<ul class=\"wp-block-list\">\n<li>Quitter le programme signifie perdre votre place \u00e0 la conduite<\/li>\n<\/ul>\n\n\n\n<ul class=\"wp-block-list\">\n<li>Aucune prise en charge ne pourra \u00eatre assur\u00e9e en dehors de ce cadre.<\/li>\n<\/ul>\n<\/div>\n\n\n\n<p class=\"has-small-font-size\">Merci pour votre patience et votre compr\u00e9hension.<\/p>\n\n\n\n<p class=\"has-small-font-size\"><strong>\u00c9tape 2 en cours :<\/strong><\/p>\n\n\n\n<p class=\"has-small-font-size\">Un appel d\u2019offres a \u00e9t\u00e9 lanc\u00e9. Les candidatures des auto-\u00e9coles seront prochainement pr\u00e9sent\u00e9es au Conseil d\u2019administration, qui statuera sur l\u2019organisme en charge de la formation \u00e0 la conduite.<\/p>\n\n\n\n<p class=\"has-small-font-size\"><strong>97 b\u00e9n\u00e9ficiaires ont d\u00e9j\u00e0 obtenu leur code de la route, soit un taux de r\u00e9ussite de 38,8% par rapport aux 250 inscrits.<\/strong><\/p>\n\n\n\n<p class=\"has-small-font-size\">Une demande a \u00e9t\u00e9 faite pour les 100 premiers ayant valid\u00e9 le code, qui pourront poursuivre directement vers la conduite.<\/p>\n\n\n\n<p class=\"has-small-font-size\">Pour les autres candidats, il faudra patienter jusqu\u2019\u00e0 la prochaine \u00e9tape.<\/p>\n\n\n\n<p class=\"has-small-font-size\">Il reste encore <strong>3 places disponibles<\/strong> pour rejoindre cette deuxi\u00e8me phase.<\/p>\n\n\n\n<p class=\"has-small-font-size\">Nous encourageons vivement tous les candidats \u00e0 r\u00e9ussir leur code : c\u2019est la cl\u00e9 pour acc\u00e9der \u00e0 la conduite. <\/p>\n\n\n\n<p class=\"has-small-font-size\">La Fondation vous tiendra inform\u00e9s de chaque avanc\u00e9e et reste \u00e0 votre \u00e9coute.<\/p>\n\n\n\n<p class=\"has-small-font-size\">N\u2019h\u00e9sitez pas \u00e0 joindre nos \u00e9quipes pour toute question.<\/p>\n\n\n\n<p class=\"has-small-font-size\">Merci de votre confiance.<\/p>\n\n\n\n<p class=\"has-small-font-size\">La direction.<\/p>\n","protected":false},"excerpt":{"rendered":"<p>Ch\u00e8res populations de DK, ch\u00e8res b\u00e9n\u00e9ficiaires, L\u2019op\u00e9ration \u00ab Permis en tribu \u00bb a d\u00e9j\u00e0 permis d\u2019accompagner pr\u00e8s de 250 personnes. Afin d\u2019assurer le bon d\u00e9roulement de ce programme, le Conseil d\u2019administration de la Fondation XERE PRNC a d\u00e9cid\u00e9 de mettre en pause, pour le reste de l\u2019ann\u00e9e, les aides individuelles au permis de conduire (VL, &#8230; <a title=\"\u275d\ud835\udc00\ud835\udc27\ud835\udc27\ud835\udc28\ud835\udc27\ud835\udc1c\ud835\udc1e \u2013 \ud835\udc0f\ud835\udc2b\ud835\udc28\ud835\udc20\ud835\udc2b\ud835\udc1a\ud835\udc26\ud835\udc26\ud835\udc1e \ud835\udc0f\ud835\udc1e\ud835\udc2b\ud835\udc26\ud835\udc22\ud835\udc2c \ud835\udc1e\ud835\udc27 \ud835\udc2d\ud835\udc2b\ud835\udc22\ud835\udc1b\ud835\udc2e\u275e\" class=\"read-more\" href=\"https:\/\/pacte-grand-sud.nc\/fondation-prony-resources\/flash-info\/%e2%9d%9d%f0%9d%90%80%f0%9d%90%a7%f0%9d%90%a7%f0%9d%90%a8%f0%9d%90%a7%f0%9d%90%9c%f0%9d%90%9e-%f0%9d%90%8f%f0%9d%90%ab%f0%9d%90%a8%f0%9d%90%a0%f0%9d%90%ab%f0%9d%90%9a%f0%9d%90%a6%f0%9d%90%a6\/\" aria-label=\"En savoir plus sur \u275d\ud835\udc00\ud835\udc27\ud835\udc27\ud835\udc28\ud835\udc27\ud835\udc1c\ud835\udc1e \u2013 \ud835\udc0f\ud835\udc2b\ud835\udc28\ud835\udc20\ud835\udc2b\ud835\udc1a\ud835\udc26\ud835\udc26\ud835\udc1e \ud835\udc0f\ud835\udc1e\ud835\udc2b\ud835\udc26\ud835\udc22\ud835\udc2c \ud835\udc1e\ud835\udc27 \ud835\udc2d\ud835\udc2b\ud835\udc22\ud835\udc1b\ud835\udc2e\u275e\">Lire plus<\/a><\/p>\n","protected":false},"author":2,"featured_media":0,"comment_status":"closed","ping_status":"closed","sticky":false,"template":"","format":"standard","meta":{"_acf_changed":false,"om_disable_all_campaigns":false,"_monsterinsights_skip_tracking":false,"_monsterinsights_sitenote_active":false,"_monsterinsights_sitenote_note":"","_monsterinsights_sitenote_category":0,"footnotes":""},"categories":[19],"tags":[],"class_list":["post-3974","post","type-post","status-publish","format-standard","hentry","category-flash-info"],"acf":[],"aioseo_notices":[],"_links":{"self":[{"href":"https:\/\/pacte-grand-sud.nc\/fondation-prony-resources\/wp-json\/wp\/v2\/posts\/3974","targetHints":{"allow":["GET"]}}],"collection":[{"href":"https:\/\/pacte-grand-sud.nc\/fondation-prony-resources\/wp-json\/wp\/v2\/posts"}],"about":[{"href":"https:\/\/pacte-grand-sud.nc\/fondation-prony-resources\/wp-json\/wp\/v2\/types\/post"}],"author":[{"embeddable":true,"href":"https:\/\/pacte-grand-sud.nc\/fondation-prony-resources\/wp-json\/wp\/v2\/users\/2"}],"replies":[{"embeddable":true,"href":"https:\/\/pacte-grand-sud.nc\/fondation-prony-resources\/wp-json\/wp\/v2\/comments?post=3974"}],"version-history":[{"count":2,"href":"https:\/\/pacte-grand-sud.nc\/fondation-prony-resources\/wp-json\/wp\/v2\/posts\/3974\/revisions"}],"predecessor-version":[{"id":3994,"href":"https:\/\/pacte-grand-sud.nc\/fondation-prony-resources\/wp-json\/wp\/v2\/posts\/3974\/revisions\/3994"}],"wp:attachment":[{"href":"https:\/\/pacte-grand-sud.nc\/fondation-prony-resources\/wp-json\/wp\/v2\/media?parent=3974"}],"wp:term":[{"taxonomy":"category","embeddable":true,"href":"https:\/\/pacte-grand-sud.nc\/fondation-prony-resources\/wp-json\/wp\/v2\/categories?post=3974"},{"taxonomy":"post_tag","embeddable":true,"href":"https:\/\/pacte-grand-sud.nc\/fondation-prony-resources\/wp-json\/wp\/v2\/tags?post=3974"}],"curies":[{"name":"wp","href":"https:\/\/api.w.org\/{rel}","templated":true}]}}