{"id":3987,"date":"2025-09-29T16:01:57","date_gmt":"2025-09-29T05:01:57","guid":{"rendered":"https:\/\/pacte-grand-sud.nc\/fondation-prony-resources\/?p=3987"},"modified":"2025-09-29T16:01:58","modified_gmt":"2025-09-29T05:01:58","slug":"%e2%9d%9d%f0%9d%90%96%f0%9d%90%8e%f0%9d%90%91%f0%9d%90%8b%f0%9d%90%83-%f0%9d%90%82%f0%9d%90%8b%f0%9d%90%84%f0%9d%90%80%f0%9d%90%8d-%f0%9d%90%94%f0%9d%90%8f-%f0%9d%90%83%f0%9d%90%80%f0%9d%90%98","status":"publish","type":"post","link":"https:\/\/pacte-grand-sud.nc\/fondation-prony-resources\/flash-info\/%e2%9d%9d%f0%9d%90%96%f0%9d%90%8e%f0%9d%90%91%f0%9d%90%8b%f0%9d%90%83-%f0%9d%90%82%f0%9d%90%8b%f0%9d%90%84%f0%9d%90%80%f0%9d%90%8d-%f0%9d%90%94%f0%9d%90%8f-%f0%9d%90%83%f0%9d%90%80%f0%9d%90%98\/","title":{"rendered":"\u275d\ud835\udc16\ud835\udc0e\ud835\udc11\ud835\udc0b\ud835\udc03 \ud835\udc02\ud835\udc0b\ud835\udc04\ud835\udc00\ud835\udc0d \ud835\udc14\ud835\udc0f \ud835\udc03\ud835\udc00\ud835\udc18 \ud835\udfd0\ud835\udfce\ud835\udfd0\ud835\udfd3\u275e"},"content":{"rendered":"\n<p class=\"has-small-font-size\"><strong>Samedi 20 septembre 2025, Rendez-vous : dernier arr\u00eat Tan\u00e9o, Col de Mouirange<\/strong><\/p>\n\n\n\n<p class=\"has-small-font-size\"> Rejoignez nous pour une matin\u00e9e de ramassage collectif des d\u00e9chets et d\u2019action citoyenne pour un cadre de vie plus propre et plus sain. Gants et sacs fournis par le <a href=\"https:\/\/www.facebook.com\/CCCE.NouvelleCaledonie?__cft__[0]=AZVONZXOiDDuPFynQWvDHbQhXpl7RR2LoNkaCWwvR2nF1N2YcgvwrCizS_yD6Vt0E_SO4S7ENLDNlMjj5oT1l-vC4RyiR81llK98aNfYtuKI3OzPhkTRLJ7c5bisr0WP2fKP8FVDkgjeDlbhqNm6qb5zPquCkk8kt18NLADdRp99MESuRIjvlRu4Qj7qjCwSiU0&amp;__tn__=-]K-R\">CCCE Nouvelle-Cal\u00e9donie<\/a> (pr\u00e9voir une tenue adapt\u00e9e), une collation sera offerte en fin d\u2019action \u00e9galement par le <a href=\"https:\/\/www.facebook.com\/CCCE.NouvelleCaledonie?__cft__[0]=AZVONZXOiDDuPFynQWvDHbQhXpl7RR2LoNkaCWwvR2nF1N2YcgvwrCizS_yD6Vt0E_SO4S7ENLDNlMjj5oT1l-vC4RyiR81llK98aNfYtuKI3OzPhkTRLJ7c5bisr0WP2fKP8FVDkgjeDlbhqNm6qb5zPquCkk8kt18NLADdRp99MESuRIjvlRu4Qj7qjCwSiU0&amp;__tn__=-]K-R\">CCCE Nouvelle-Cal\u00e9donie<\/a>.<\/p>\n\n\n\n<figure class=\"wp-block-image\"><img decoding=\"async\" src=\"https:\/\/pacte-grand-sud.nc\/fondation-prony-resources\/wp-content\/uploads\/2025\/09\/CLEAN-1024x576.jpg\" alt=\"L\u2019image actuelle n\u2019a pas de texte alternatif. Le nom du fichier est\u00a0: CLEAN.jpg\" \/><\/figure>\n\n\n\n<p class=\"has-small-font-size\">\u00ab<em> \ud835\udc75\ud835\udc90\ud835\udc96\ud835\udc94 \ud835\udc82\ud835\udc97\ud835\udc90\ud835\udc8f\ud835\udc94 \ud835\udc83\ud835\udc86\ud835\udc94\ud835\udc90\ud835\udc8a\ud835\udc8f \ud835\udc85\ud835\udc86 \ud835\udc8d\ud835\udc82 \ud835\udc75\ud835\udc82\ud835\udc95\ud835\udc96\ud835\udc93\ud835\udc86, \ud835\udc82\ud835\udc96\ud835\udc8b\ud835\udc90\ud835\udc96\ud835\udc93\ud835\udc85\u2019\ud835\udc89\ud835\udc96\ud835\udc8a \ud835\udc6c\ud835\udc8d\ud835\udc8d\ud835\udc86 \ud835\udc82 \ud835\udc83\ud835\udc86\ud835\udc94\ud835\udc90\ud835\udc8a\ud835\udc8f \ud835\udc85\ud835\udc86 \ud835\udc75\ud835\udc90\ud835\udc96\ud835\udc94<\/em>. \u00bb<\/p>\n\n\n\n<p class=\"has-small-font-size\">Infos &amp; inscriptions : <strong>54.50.19 \/ 73.38.01<\/strong><\/p>\n\n\n\n<p class=\"has-small-font-size\">La Fondation appelle de ses v\u0153ux la plus large participation des familles, associations, entreprises et citoyens. Ensemble, faisons du World Clean Up Day une r\u00e9ussite pour nos g\u00e9n\u00e9rations futures.<\/p>\n\n\n\n<p><\/p>\n\n\n\n<p><\/p>\n","protected":false},"excerpt":{"rendered":"<p>La Fondation XERE PRNC participera avec conviction \u00e0 la mobilisation citoyenne organis\u00e9e par le Comit\u00e9 Consultatif Coutumier Environnemental (CCCE Nouvelle-Cal\u00e9donie).<br \/>\nCet \u00e9v\u00e9nement nous touche tous : prot\u00e9ger notre environnement, c\u2019est prot\u00e9ger notre avenir ! <\/p>\n","protected":false},"author":2,"featured_media":3988,"comment_status":"closed","ping_status":"closed","sticky":false,"template":"","format":"standard","meta":{"_acf_changed":false,"om_disable_all_campaigns":false,"_monsterinsights_skip_tracking":false,"_monsterinsights_sitenote_active":false,"_monsterinsights_sitenote_note":"","_monsterinsights_sitenote_category":0,"footnotes":""},"categories":[19],"tags":[],"class_list":["post-3987","post","type-post","status-publish","format-standard","has-post-thumbnail","hentry","category-flash-info"],"acf":[],"aioseo_notices":[],"_links":{"self":[{"href":"https:\/\/pacte-grand-sud.nc\/fondation-prony-resources\/wp-json\/wp\/v2\/posts\/3987","targetHints":{"allow":["GET"]}}],"collection":[{"href":"https:\/\/pacte-grand-sud.nc\/fondation-prony-resources\/wp-json\/wp\/v2\/posts"}],"about":[{"href":"https:\/\/pacte-grand-sud.nc\/fondation-prony-resources\/wp-json\/wp\/v2\/types\/post"}],"author":[{"embeddable":true,"href":"https:\/\/pacte-grand-sud.nc\/fondation-prony-resources\/wp-json\/wp\/v2\/users\/2"}],"replies":[{"embeddable":true,"href":"https:\/\/pacte-grand-sud.nc\/fondation-prony-resources\/wp-json\/wp\/v2\/comments?post=3987"}],"version-history":[{"count":3,"href":"https:\/\/pacte-grand-sud.nc\/fondation-prony-resources\/wp-json\/wp\/v2\/posts\/3987\/revisions"}],"predecessor-version":[{"id":3992,"href":"https:\/\/pacte-grand-sud.nc\/fondation-prony-resources\/wp-json\/wp\/v2\/posts\/3987\/revisions\/3992"}],"wp:featuredmedia":[{"embeddable":true,"href":"https:\/\/pacte-grand-sud.nc\/fondation-prony-resources\/wp-json\/wp\/v2\/media\/3988"}],"wp:attachment":[{"href":"https:\/\/pacte-grand-sud.nc\/fondation-prony-resources\/wp-json\/wp\/v2\/media?parent=3987"}],"wp:term":[{"taxonomy":"category","embeddable":true,"href":"https:\/\/pacte-grand-sud.nc\/fondation-prony-resources\/wp-json\/wp\/v2\/categories?post=3987"},{"taxonomy":"post_tag","embeddable":true,"href":"https:\/\/pacte-grand-sud.nc\/fondation-prony-resources\/wp-json\/wp\/v2\/tags?post=3987"}],"curies":[{"name":"wp","href":"https:\/\/api.w.org\/{rel}","templated":true}]}}